{"id":10485,"date":"2025-10-23T11:31:05","date_gmt":"2025-10-23T09:31:05","guid":{"rendered":"https:\/\/www.psn.or.at\/?p=10485"},"modified":"2025-10-23T11:33:12","modified_gmt":"2025-10-23T09:33:12","slug":"tag-der-offenen-tuer-der-psychosozialen-beratungsstelle-fuer-kinder-in","status":"publish","type":"post","link":"https:\/\/www.psn.or.at\/index.php\/2025\/10\/23\/tag-der-offenen-tuer-der-psychosozialen-beratungsstelle-fuer-kinder-in\/","title":{"rendered":"Tag der offenen T\u00fcr der &#8222;Psychosozialen Beratungsstelle f\u00fcr Kinder und Jugendliche&#8220; in Liezen"},"content":{"rendered":"<p>Am <strong>Freitag, 10.10.2025<\/strong> war es endlich soweit: Die neuen\/gr\u00f6\u00dferen R\u00e4umlichkeiten im EG des Beratungszentrums Liezen, Fronleichnamsweg 15 wurden er\u00f6ffnet.<\/p>\n<p>Wegen der gro\u00dfen Nachfrage wurde die \u201e<strong>Psychosoziale Beratungsstelle f\u00fcr Kinder und Jugendliche\u201c <\/strong>auf 600 m\u00b2 vergr\u00f6\u00dfert und bekam ein eigenes Stockwerk mit Gruppen- und Bewegungsraum. Hier wird nicht nur Hilfe angeboten, sondern damit auch ein Raum geschaffen, in dem Kinder und Jugendliche in Krisensituationen, sei es in der Schule, im Freundeskreis oder im famili\u00e4ren Umfeld, Unterst\u00fctzung finden k\u00f6nnen.<\/p>\n<p>Einen kleinen R\u00fcckblick auf diesen Tag sehen Sie hier:<\/p>\n<p><iframe loading=\"lazy\" title=\"PSN Liezen - Tag der offenen T\u00fcr\" width=\"1170\" height=\"658\" src=\"https:\/\/www.youtube.com\/embed\/6pFz6X342Ag?feature=oembed\" frameborder=\"0\" allow=\"accelerometer; autoplay; clipboard-write; encrypted-media; gyroscope; picture-in-picture; web-share\" referrerpolicy=\"strict-origin-when-cross-origin\" allowfullscreen><\/iframe><\/p>\n","protected":false},"excerpt":{"rendered":"<p>Am Freitag, 10.10.2025 war es endlich soweit: Die neuen\/gr\u00f6\u00dferen R\u00e4umlichkeiten im EG des Beratungszentrums Liezen, Fronleichnamsweg 15 wurden er\u00f6ffnet. Wegen der gro\u00dfen Nachfrage wurde die \u201ePsychosoziale Beratungsstelle f\u00fcr Kinder und Jugendliche\u201c auf 600 m\u00b2 vergr\u00f6\u00dfert und bekam ein eigenes Stockwerk mit Gruppen- und Bewegungsraum. Hier wird nicht nur Hilfe angeboten, sondern damit auch ein Raum [&hellip;]<span class=\"entry-read-more\"><a href=\"https:\/\/www.psn.or.at\/index.php\/2025\/10\/23\/tag-der-offenen-tuer-der-psychosozialen-beratungsstelle-fuer-kinder-in\/\" class=\"cs-btn cs-btn-flat cs-btn-rounded cs-btn-xxs cs-btn-flat-accent\">Weiterlesen<\/a><\/span><\/p>\n","protected":false},"author":8,"featured_media":0,"comment_status":"closed","ping_status":"closed","sticky":false,"template":"","format":"standard","meta":[],"categories":[3],"tags":[],"_links":{"self":[{"href":"https:\/\/www.psn.or.at\/index.php\/wp-json\/wp\/v2\/posts\/10485"}],"collection":[{"href":"https:\/\/www.psn.or.at\/index.php\/wp-json\/wp\/v2\/posts"}],"about":[{"href":"https:\/\/www.psn.or.at\/index.php\/wp-json\/wp\/v2\/types\/post"}],"author":[{"embeddable":true,"href":"https:\/\/www.psn.or.at\/index.php\/wp-json\/wp\/v2\/users\/8"}],"replies":[{"embeddable":true,"href":"https:\/\/www.psn.or.at\/index.php\/wp-json\/wp\/v2\/comments?post=10485"}],"version-history":[{"count":4,"href":"https:\/\/www.psn.or.at\/index.php\/wp-json\/wp\/v2\/posts\/10485\/revisions"}],"predecessor-version":[{"id":10489,"href":"https:\/\/www.psn.or.at\/index.php\/wp-json\/wp\/v2\/posts\/10485\/revisions\/10489"}],"wp:attachment":[{"href":"https:\/\/www.psn.or.at\/index.php\/wp-json\/wp\/v2\/media?parent=10485"}],"wp:term":[{"taxonomy":"category","embeddable":true,"href":"https:\/\/www.psn.or.at\/index.php\/wp-json\/wp\/v2\/categories?post=10485"},{"taxonomy":"post_tag","embeddable":true,"href":"https:\/\/www.psn.or.at\/index.php\/wp-json\/wp\/v2\/tags?post=10485"}],"curies":[{"name":"wp","href":"https:\/\/api.w.org\/{rel}","templated":true}]}}